{"id":3544,"date":"2020-07-29T21:05:10","date_gmt":"2020-07-29T19:05:10","guid":{"rendered":"https:\/\/www.jadeye.hu\/blog\/?p=3544"},"modified":"2020-07-29T21:14:07","modified_gmt":"2020-07-29T19:14:07","slug":"ezert-ne-segitsunk-soha-uldozesi-manias-embereknek","status":"publish","type":"post","link":"https:\/\/www.jadeye.hu\/blog\/2020\/07\/29\/ezert-ne-segitsunk-soha-uldozesi-manias-embereknek\/","title":{"rendered":"Ez\u00e9rt ne seg\u00edts\u00fcnk soha \u00fcld\u00f6z\u00e9si m\u00e1ni\u00e1s embereknek"},"content":{"rendered":"<p style=\"text-align: justify;\">Az \u00fcgyf\u00e9ln\u00e9l, aki am\u00fagy egy ismer\u0151s ismer\u0151se, m\u00e9g 2019. j\u00falius 12-\u00e9n voltam, \u00fajra kellett telep\u00edteni a MacBook Air-j\u00e9n a macOS-t, mert elmond\u00e1sa szerint egy rosszakar\u00f3ja \u0151t megfigyeli rajta kereszt\u00fcl. Illetve egy\u00fattal az iPhone-ja eset\u00e9n is k\u00e9rte, hogy telep\u00edtsem \u00fajra, ugyanezen okb\u00f3l. Alapb\u00f3l el kellett volna utas\u00edtanom a lehet\u0151s\u00e9get, de sajnos voltam olyan j\u00f3hiszem\u0171, hogy azt gondoltam, seg\u00edthetek az illet\u0151n, \u00e9s enyh\u00edthetem az ezzel kapcsolatos szorong\u00e1s\u00e1t, ha \u00fajratelep\u00edtem a g\u00e9p\u00e9t.<\/p>\n<p><!--more--><\/p>\n<p style=\"text-align: justify;\">Az eg\u00e9sz k\u00f6lts\u00e9gei kapcs\u00e1n el\u0151zetesen ismertetve lett vele, hogy mennyi a kisz\u00e1ll\u00e1si d\u00edj \u00e9s a munka \u00f3rad\u00edja, amelyet term\u00e9szetesen el is fogadott.<\/p>\n<p style=\"text-align: justify;\">J\u00falius 12-\u00e9n \u00f6sszesen 4 \u00e9s f\u00e9l \u00f3r\u00e1t t\u00f6lt\u00f6ttem el abban a lak\u00e1sban, amit egy\u00e9bk\u00e9nt b\u00e9rel, mondv\u00e1n nyugodtan tudjon dolgozni, mert otthon, ahol egy\u00e9bk\u00e9nt lakik, mindig mindenki megtal\u00e1lja. (M\u00e1r ez is gyan\u00fas kellett volna, hogy legyen.)<\/p>\n<p style=\"text-align: justify;\">Ez alatt a 4 \u00e9s f\u00e9l \u00f3ra alatt el\u0151sz\u00f6r megk\u00eds\u00e9relt\u00fck lementeni az adatait az \u0151 saj\u00e1t pendrive-j\u00e1ra (nyilv\u00e1n az\u00e9rt, hogy semmi adata ne ker\u00fclj\u00f6n ki a kez\u00e9b\u0151l m\u00e1shoz, \u00edgy hozz\u00e1m se), ami viszont a jelek szerint felmondta a szolg\u00e1latot, mert egy id\u0151 ut\u00e1n m\u00e1r nem is l\u00e1tta a g\u00e9p, form\u00e1zni sem lehetett, semmi. Kuka. Mivel a pendrive garanci\u00e1lis volt, ez\u00e9rt mondtam neki, vigye vissza a boltba, \u00e9s cser\u00e9ltesse ki.<\/p>\n<p style=\"text-align: justify;\">A macOS-t saj\u00e1t USB-s telep\u00edt\u0151mr\u0151l, a MacBook Air SSD-j\u00e9nek teljes form\u00e1z\u00e1s\u00e1val, null\u00e1r\u00f3l h\u00faztam \u00fajra (mert az internet recovery az nagyon hossz\u00fa id\u0151 lett volna), ami ut\u00e1n \u0151 maga adta meg a felhaszn\u00e1l\u00f3nevet \u00e9s a jelsz\u00f3t (direkt elfordultam minden alkalommal, amikor be\u00edrta!), majd let\u00f6lt\u00f6tt\u00fck az \u00e1ltala k\u00edv\u00e1nt alkalmaz\u00e1sokat azok hivatalos oldalair\u00f3l vagy a Mac App Store-b\u00f3l.<\/p>\n<p style=\"text-align: justify;\">K\u00f6zben term\u00e9szetesen m\u00e1r eleve az \u0151 g\u00e9p\u00e9t haszn\u00e1lva \u00fajratelep\u00edtettem az iPhone-j\u00e1t is, amib\u0151l am\u00fagy tal\u00e1n kett\u0151 darab is volt, erre m\u00e1r nem eml\u00e9kszem, de egy darab minimum.<\/p>\n<p style=\"text-align: justify;\">Mivel a nyomtat\u00f3j\u00e1val is gond volt, \u00edgy azt is megn\u00e9ztem, ott egyr\u00e9szt az volt a gond, hogy \u00faj router-modemet hozott neki el\u0151z\u0151 nap a szolg\u00e1ltat\u00f3, \u00edgy a nyomtat\u00f3 nem csatlakozott az \u00faj Wi-Fi h\u00e1l\u00f3zatra. Emellett mint kider\u00fclt, a nyomtat\u00f3patronjai besz\u00e1radtak, mert nem haszn\u00e1lta \u0151ket. Pr\u00f3b\u00e1ltam v\u00edzzel, illetve k\u00f6r\u00f6mlakklemos\u00f3val ki\u00e1ztatni a patronok fej\u00e9t, de v\u00e9g\u00fcl nem volt sikeres, \u00edgy javasoltam, hogy vegyen k\u00e9t \u00faj patront (fekete \u00e9s sz\u00ednes).<\/p>\n<p style=\"text-align: justify;\">Gyakorlatilag az \u00f6sszes, \u00e9ppen abban a pillanatban l\u00e9tez\u0151, informatikai jelleg\u0171 probl\u00e9m\u00e1j\u00e1t orvosoltam, illetve a felmer\u00fclt k\u00e9rd\u00e9seire is t\u00fcrelmesen v\u00e1laszolgattam, \u00edgy v\u00e9g\u00fcl \u0151 maga javasolta, hogy a n\u00e9gy \u00e9s f\u00e9l \u00f3ra helyett kerek\u00edtsem nyugodtan \u00f6t teljes \u00f3r\u00e1ra a munkad\u00edjat, mondtam neki, hogy akkor az mind\u00f6sszesen mennyi lesz, ugyeb\u00e1r a kisz\u00e1ll\u00e1s \u00e9s az \u00f6t \u00f3ra d\u00edja, ami szerinte teljesen rendben volt.<\/p>\n<p style=\"text-align: justify;\">M\u00e9g miel\u0151tt mentem volna hozz\u00e1, reggel 09:28-kor \u00edrt egy \u00fczenetet Telegramon (mert szerinte csak az a biztons\u00e1gos), hogy tud-e utal\u00e1ssal fizetni, mert el\u0151z\u0151 este v\u00e9g\u00fcl nem tudott bankba menni. \u00c9n meg sajnos beleegyeztem, nem gondolva, hogy nem fog fizetni. \u00dagyhogy \u00edrtam neki, hogy megoldhat\u00f3 az utal\u00e1sos sz\u00e1mla is. (Ekkor m\u00e9g nem volt azonnali utal\u00e1s!)<\/p>\n<p style=\"text-align: justify;\">A munka v\u00e9gezt\u00e9vel azt \u00edg\u00e9rte, hogy megpr\u00f3b\u00e1lja m\u00e9g aznap, p\u00e9nteken elind\u00edtani az utal\u00e1st, de elk\u00e9pzelhet\u0151, hogy csak k\u00f6vetkez\u0151 h\u00e9tf\u0151n fogja tudni megoldani.<\/p>\n<p style=\"text-align: justify;\">J\u00falius 13-\u00e1n reggel 10:04-t\u0151l eg\u00e9szen 16:48-ig v\u00e1laszolgattam folyamatosan a Telegramon \u00edrt k\u00e9rd\u00e9seire, ami\u00e9rt nyilv\u00e1n nem sz\u00e1moltam fel egy forintot sem.<\/p>\n<p style=\"text-align: justify;\">J\u00falius 16-\u00e1n, kedden r\u00e1k\u00e9rdeztem, hogy siker\u00fclt-e elind\u00edtania az utal\u00e1st.<\/p>\n<p style=\"text-align: justify;\">J\u00falius 17-\u00e9n v\u00e1laszolt, hogy aznap d\u00e9lut\u00e1n jelentkezik, \u00e9s szerinte m\u00e9g azon a h\u00e9ten megy az utal\u00e1s. Nem jelentkezett.<\/p>\n<p style=\"text-align: justify;\">J\u00falius 22-\u00e9n ism\u00e9t r\u00e1k\u00e9rdeztem, hogy esetleg siker\u00fclt-e elind\u00edtani az utal\u00e1st.<\/p>\n<p style=\"text-align: justify;\">J\u00falius 25-\u00e9n v\u00e1laszolt, hogy azt hitte, r\u00f6gt\u00f6n \u00edrt nekem, hogy augusztus 1-j\u00e9n fog tudni utalni, mert megakadt k\u00e9t \u00fcgyfel\u00e9vel, v\u00e9gtelen\u00fcl sajn\u00e1lja, nem szokott ilyen el\u0151fordulni, illetve hogy eleve nem kezdett volna bele az \u00fajratelep\u00edt\u00e9sbe, ha nincs meg n\u00e1la az \u00f6sszeg, mert b\u00e1r kevesebbre sz\u00e1m\u00edtott, m\u00e9gis \u00fagy gondolja, hogy ez az \u00f6sszeg is rendben van, amit mondtam neki. Illetve mivel oktat\u00e1sra is sz\u00fcks\u00e9ge van, \u00edgy szeretn\u00e9, hogy m\u00e9g menjek hozz\u00e1 ez\u00fcgyben, de el\u0151bb ezt az \u00f6sszeget rendezn\u00e9, illetve \u00f6sszeszedn\u00e9 a k\u00e9rd\u00e9seit is.<\/p>\n<p style=\"text-align: justify;\">Augusztus 5-\u00e9n ism\u00e9t \u00edrtam neki, hogy siker\u00fclt-e elind\u00edtani az utal\u00e1st, mert nekem nem j\u00f6tt \u00e1t. Nem v\u00e1laszolt.<\/p>\n<p style=\"text-align: justify;\">Augusztus 9-\u00e9n ism\u00e9t \u00edrtam, hogy sajnos m\u00e9g mindig nem \u00e9rkezett meg.<\/p>\n<p style=\"text-align: justify;\">Erre az \u00fczenetemre aznap este v\u00e1laszolt, hogy az elm\u00falt 9 napban azzal k\u00fczd\u00f6tt, hogy megvakul-e, mert egy orvosi lelete ilyen tartalm\u00fa volt, \u00e9s csak 8-\u00e1n d\u00e9lut\u00e1n f\u00e9l 5-kor der\u00fclt ki, hogy nem az \u0151 vizsg\u00e1lati eredm\u00e9nyeit m\u00e1solt\u00e1k \u00e1t az \u0151 lelet\u00e9re, hanem egy m\u00e1sik beteg\u00e9t, \u00e9s ez az eg\u00e9sz trauma kik\u00e9sz\u00edtette idegileg, \u00e9s csak \u00edgy m\u00e1snap reggelt\u0151l, teh\u00e1t 9-\u00e9n reggelt\u0151l tudott m\u00e9ly l\u00e9legzetet venni, \u00e9s folytatni a dolgait. Ekkor azt \u00edg\u00e9rte, hogy h\u00e9tf\u0151n (augusztus 9. p\u00e9ntek volt) \u0151 fog engem keresni. Nem keresett.<\/p>\n<p style=\"text-align: justify;\">Augusztus 27-\u00e9n d\u00e9lben \u00edrtam neki, hogy m\u00e1r a m\u00e1sodik h\u00e9tf\u0151 is eltelt az\u00f3ta, hogy \u00edg\u00e9rte, jelentkezni fog, de nem jelentkezett, illetve hogy m\u00e1r k\u00e9t h\u00f3nap is eltelt (ezt rosszul tudtam, mert v\u00e9g\u00fcl nem j\u00fanius 27-\u00e9n voltam n\u00e1la, hanem j\u00falius 12-\u00e9n, az els\u0151 alkalmat \u0151 mondta le, eg\u00e9szs\u00e9g\u00fcgyi okok miatt), \u00e9s k\u00e9rem, rendezz\u00fck ezt az \u00f6sszeget, mert ez \u00edgy nekem nagyon nem j\u00f3.<\/p>\n<p style=\"text-align: justify;\">Augusztus 27-\u00e9n este 20:45-kor \u00fajb\u00f3l \u00edrtam neki, hogy k\u00e9rem, reag\u00e1ljon valamit, mert ez a nulla reakci\u00f3 a r\u00e9sz\u00e9r\u0151l nem t\u00fal bizalomgerjeszt\u0151, \u00e9s \u00e9n t\u00e9nyleg el\u00e9g t\u00fcrelmes voltam, de ezt a t\u00f6bb hetet nem tartom korrektnek azut\u00e1n, hogy megel\u0151legeztem a bizalmat az ut\u00f3lagos, utal\u00e1sos fizet\u00e9sre.<\/p>\n<p style=\"text-align: justify;\">Itt azt\u00e1n hirtelen minden \u00e1tfordult az abszurdba.<\/p>\n<p style=\"text-align: justify;\">Erre ugyanis azt v\u00e1laszolta, hogy legk\u00e9s\u0151bb m\u00e1snap d\u00e9lut\u00e1n fog \u201creag\u00e1lni\u201d (\u00edgy, id\u00e9z\u0151jelben), \u00e9s telefonon fog h\u00edvni. Persze nem h\u00edvott.<\/p>\n<p style=\"text-align: justify;\">Augusztus 29-\u00e9n \u00edrtam neki, hogy nem h\u00edvott 28-\u00e1n, biztosan k\u00f6zbej\u00f6tt valami, el\u0151fordul. De ha nem kommunik\u00e1l fel\u00e9m semmit, igaz\u00e1n nem tudom, mit gondoljak, illetve az anyagi r\u00e9sze ennek egy dolog, de nem \u00e9rzem korrektnek ezt a hozz\u00e1\u00e1ll\u00e1s\u00e1t velem szemben, illetve hogy szeretn\u00e9m, ha legk\u00e9s\u0151bb augusztus 30-\u00e1ig rendezn\u00e9nk ezt.<\/p>\n<p style=\"text-align: justify;\">Augusztus 30-\u00e1n v\u00e1laszolt, miszerint az elm\u00falt 3 h\u00e9tben \u00fajra anom\u00e1li\u00e1k t\u00e1madtak az iPhone-j\u00e1n, ami eset\u00e9n \u00e9n k\u00f6vethettem el valamit, mert \u0151 egy m\u0171k\u00f6d\u0151k\u00e9pes iPhone-t adott a kezembe, de az\u00f3ta \u201celt\u0171ntek bel\u0151le a programok\u201d, let\u00f6lteni sem tudj\u00e1k \u0151ket (itt r\u00f6gt\u00f6n \u00e9rdekes lett a t\u00f6bbes sz\u00e1m haszn\u00e1lata), mert \u201celt\u0171nt a k\u00e9sz\u00fcl\u00e9kr\u0151l az Apple Store hozz\u00e1f\u00e9r\u00e9s lehet\u0151s\u00e9ge is\u201d, s\u0151t, \u201caz Apple Store nem ismeri fel\u201d a k\u00e9sz\u00fcl\u00e9k\u00e9t, ez\u00e9rt nem enged let\u00f6lteni semmit. \u00c1ll\u00edt\u00e1sa szerint a k\u00e9sz\u00fcl\u00e9kei r\u00e9szben bevizsg\u00e1l\u00e1s alatt vannak, r\u00e9szben m\u00e9g arra v\u00e1rnak, \u00e9s az Apple hivatalos k\u00e9pviselet\u00e9t ell\u00e1t\u00f3 szakemberek m\u00e1r tettek is meg\u00e1llap\u00edt\u00e1sokat, de m\u00e9g sz\u00fcks\u00e9g van vizsg\u00e1latra, \u00e9s hogy err\u0151l hivatalos szakv\u00e9lem\u00e9nyt fognak ki\u00e1ll\u00edtani. A MacBookkal kapcsolatban pedig biztons\u00e1gi okokb\u00f3l nem sz\u00f3l r\u00e9szletesen. Egyel\u0151re. De majd el fog j\u00f6nni az ideje amikor annak a probl\u00e9m\u00e1it is el\u00e9m t\u00e1rj\u00e1k (\u00fajabb t\u00f6bbes sz\u00e1m). Mindenesetre \u00edr\u00e1sos szak\u00e9rt\u0151i v\u00e9lem\u00e9nnyel egy\u00fctt fog jelentkezni, amit az Apple hivatalos szakemberei \u00e1ll\u00edtanak ki. Itt felh\u00edvtam a figyelm\u00e9t arra, hogy haz\u00e1nkban melyek a hivatalos szervizek, \u00e9s hogyha m\u00e1shov\u00e1 vitte, az nem hivatalos szerviz, amire azt reag\u00e1lta, hogy k\u00f6sz\u00f6ni az inform\u00e1ci\u00f3kat, de tudja, amit tudnia kell, \u00e9s s\u00e9relmezte, hogy nem adom meg \u201ca k\u00f6lcs\u00f6n\u00f6s v\u00e9tlens\u00e9g es\u00e9ly\u00e9t a m\u00e1siknak\u201d. A hib\u00e1san vagy r\u00e9szben m\u0171k\u00f6d\u0151 k\u00e9sz\u00fcl\u00e9kek szerinte t\u00e9ny, r\u00e1ad\u00e1sul a napl\u00f3z\u00e1s mutatja, hogy a probl\u00e9m\u00e1kat nem \u0151 okozhatta, v\u00e9letlen\u00fcl sem.\u00c2\u00a0Majd azzal z\u00e1rta a mondand\u00f3j\u00e1t, hogy most elk\u00f6sz\u00f6n, mert a mobilj\u00e1n m\u00e1r hetek \u00f3ta nem el\u00e9rhet\u0151 a Telegram, \u00e9s nem lesz eg\u00e9sz nap (az elmond\u00e1sa szerint egy\u00e9bk\u00e9nt szint\u00e9n anom\u00e1li\u00e1s!) laptopja k\u00f6zel\u00e9ben.<\/p>\n<p style=\"text-align: justify;\">Itt \u00e9n igaz\u00e1b\u00f3l elengedtem az esetet, \u00e9s elk\u00f6nyveltem tanul\u00f3p\u00e9nznek a dolgot, noha sajnos nem fill\u00e9rekr\u0151l van sz\u00f3.<\/p>\n<p style=\"text-align: justify;\">Szeptember 8-\u00e1n este j\u00f6tt t\u0151le egy \u00fajabb \u00fczenet, hogy adjam meg neki az e-mail el\u00e9rhet\u0151s\u00e9gemet, mert nyilatkozatot kell t\u0151lem kapnia valamir\u0151l. Visszak\u00e9rdeztem, hogy m\u00e9gis milyen nyilatkozatot, mir\u0151l? Erre persze azt v\u00e1laszolta, hogy az e-mail c\u00edmemet k\u00e9ri, \u00e9s majd a level\u00e9b\u0151l megtudom. Erre meg\u00edrtam neki, hogy az e-mail azt\u00e1n pl\u00e1ne nem biztons\u00e1gos PGP\/GPG-kulcs n\u00e9lk\u00fcl, \u00fagyhogy akkor ink\u00e1bb \u00edrja le Telegramon el\u0151sz\u00f6r. Ezt persze azonnal elutas\u00edtotta, mondv\u00e1n \u0151t m\u00e1r nem \u00e9rdekli, mennyire biztons\u00e1gos, valaki vagy valakik kiz\u00e1rt\u00e1k a laptopj\u00e1b\u00f3l, \u00e9s az \u00e1ltalam elv\u00e9gzett \u00fajratelep\u00edt\u00e9s ut\u00e1n is sorozatos hib\u00e1k jelentkeztek, \u00e9s az csak r\u00e9szlegesen volt haszn\u00e1lhat\u00f3. Most r\u00e1ad\u00e1sul \u201colyan fok\u00fa beavatkoz\u00e1st val\u00f3sz\u00edn\u0171s\u00edtenek\u201d (nem der\u00fclt ki, hogy <em>kik<\/em>), hogy a hat\u00f3s\u00e1gok vizsg\u00e1lat\u00e1t k\u00e9ri, \u00e9s mivel \u00e1ll\u00edt\u00e1sa szerint \u00e9n voltam az, aki utolj\u00e1ra leg\u00e1lisan, a hozz\u00e1j\u00e1rul\u00e1s\u00e1val hozz\u00e1f\u00e9rt a g\u00e9p\u00e9hez, ez\u00e9rt nyilatkoztatnia kell valamir\u0151l (amit tov\u00e1bbra sem \u00e1rult el, hogy mi lenne). Illetve megk\u00e9rdezte, hogy ismerek-e az \u00e9n vezet\u00e9knevemmel egyez\u0151 webfejleszt\u0151t \u2013 \u00e9s ha igen, adtam-e neki hozz\u00e1f\u00e9r\u00e9st a telep\u00edtett k\u00e9sz\u00fcl\u00e9k\u00e9hez. \u00c9rtelemszer\u0171en sem nem ismerek ilyen webfejleszt\u0151t, sem nem adtam senkinek hozz\u00e1f\u00e9r\u00e9st, hiszen a g\u00e9p \u00fajratelep\u00edt\u00e9se ut\u00e1n \u0151 maga adta meg a bel\u00e9p\u00e9si jelsz\u00f3t, amit \u00e9n szint\u00e9n nem ismerek, \u00e9s telep\u00edteni is csak azokat az alkalmaz\u00e1sokat telep\u00edtett\u00fck a hivatalos oldalakr\u00f3l vagy a Mac App Store-b\u00f3l, amiket \u0151 maga k\u00fcl\u00f6n k\u00e9rt. Ezek ut\u00e1n k\u00fcl\u00f6n felh\u00edvtam a figyelm\u00e9t arra, hogy kor\u00e1bban azt \u00edrta, hogy hivatalos szakv\u00e9lem\u00e9nnyel fog jelentkezni, teh\u00e1t k\u00e9rem, k\u00fcldje el a szakv\u00e9lem\u00e9nyt. Erre ism\u00e9t az e-mail c\u00edmemet k\u00e9rte, \u00e9s le\u00edrta, hogy azzal, hogy valaki vagy valakik kiz\u00e1rt\u00e1k \u0151t a saj\u00e1t k\u00e9sz\u00fcl\u00e9k\u00e9b\u0151l, minden kor\u00e1bbi t\u00e1rgytalann\u00e1 v\u00e1lt, amivel megpr\u00f3b\u00e1lta m\u0171k\u00f6d\u0151k\u00e9pess\u00e9 tenni az \u00e1ltalam \u00fajratelep\u00edtett k\u00e9sz\u00fcl\u00e9ket. De am\u00fagy van t\u00f6bb laptopja is (\u00e9rdekes m\u00f3don \u00e9n \u00e9pp az ellenkez\u0151j\u00e9re eml\u00e9kszem, hiszen az volt a probl\u00e9m\u00e1ja, am\u00edg nem jelentkezett heteken \u00e1t, hogy bevizsg\u00e1l\u00e1s alatt voltak a k\u00e9sz\u00fcl\u00e9kei, \u00edgy nem tudott dolgozni sem!), \u00e9s most dolga van vel\u00fck, \u00fagyhogy m\u00e1r nem tud ma t\u00f6bbet foglalkozni ezzel az \u00fcggyel, mert dolgoznia kell. \u00c9s hogy akkor \u00e1tk\u00fcld\u00f6m-e az e-mail c\u00edmemet, vagy ne v\u00e1rjon r\u00e1. Ne pazaroljuk teh\u00e1t egym\u00e1s idej\u00e9t. Adjam meg az e-mail c\u00edmemet.<\/p>\n<p style=\"text-align: justify;\">Szeptember 9-\u00e9n d\u00e9lel\u0151tt megadtam neki egy c\u00edmet. Nem v\u00e1laszolt.<\/p>\n<p style=\"text-align: justify;\">Szeptember 10-\u00e9n r\u00e1k\u00e9rdeztem, hogy siker\u00fclt-e elk\u00fcldenie, mert nekem nem \u00e9rkezett semmi. Nem v\u00e1laszolt.<\/p>\n<p style=\"text-align: justify;\">Gondolom, nem okoz meglepet\u00e9st, hogy az\u00f3ta sem \u00e9rkezett t\u0151le semmi.<\/p>\n<p style=\"text-align: justify;\">K\u00fcl\u00f6n ir\u00f3nia az illet\u0151vel kapcsolatban, hogy \u0151 azt gondolja, hogy \u0151t valaki vagy valakik megfigyelik, mik\u00f6zben Facebookon kiv\u00e9tel n\u00e9lk\u00fcl az \u00f6sszes l\u00e9tez\u0151 posztja nyilv\u00e1nos, \u00e9s olyanokat is visszaigazol ismer\u0151snek, akikkel szem\u00e9lyesen sem tal\u00e1lkozott m\u00e9g soha, hanem csak az interneten. Ha valaki t\u00e9nyleg meg akarn\u00e1 figyelni, semmit nem kell teh\u00e1t tennie, mint megn\u00e9zni a Facebook profilj\u00e1t, hiszen minden nyilv\u00e1nos rajta\u00e2\u20ac\u00a6<\/p>\n<p style=\"text-align: justify;\">Hogy mi a tanuls\u00e1g? Nem szabad ilyen embereknek seg\u00edteni, mert ha ut\u00e1na b\u00e1rmi olyan t\u00f6rt\u00e9nik vel\u00fck, amit nem \u00e9rtenek (f\u0151leg ha m\u00e9g hajlanak a technikai analfab\u00e9tizmus fel\u00e9 is), akkor azt azonnal ahhoz k\u00f6tik, amikor te seg\u00edtett\u00e9l nekik. Egyszer\u0171en f\u00e9lre kell tenni a j\u00f3indulatot, a seg\u00edt\u0151k\u00e9szs\u00e9get, \u00e9s elengedni az ilyen megkeres\u00e9seket. Mert nem \u00e9ri meg, hogy ut\u00e1na m\u00e9g te legy\u00e9l az, akit elmond mindennek, ha megint nem \u00e9rt valamit, \u00e9s \u00edgy ink\u00e1bb be\u00fct az \u00fcld\u00f6z\u00e9si m\u00e1ni\u00e1ja.<\/p>\n<p style=\"text-align: justify;\">Nem \u00edrom le az illet\u0151 nev\u00e9t, mert m\u00e9g az ilyen csal\u00f3knak is vannak szem\u00e9lyis\u00e9gi jogai. Az pedig az\u00e9rt lehet nyilv\u00e1nval\u00f3 b\u00e1rki sz\u00e1m\u00e1ra, hogy ez az illet\u0151 csak hazudik, \u00e9s egyszer\u0171en egy csal\u00f3, mert soha semmif\u00e9le bizony\u00edt\u00e9kot nem mutatott fel, csak \u00e1ll\u00edtott mindenf\u00e9l\u00e9t, azt pedig b\u00e1rki megteheti.<\/p>\n","protected":false},"excerpt":{"rendered":"<p>Az \u00fcgyf\u00e9ln\u00e9l, aki am\u00fagy egy ismer\u0151s ismer\u0151se, m\u00e9g 2019. j\u00falius 12-\u00e9n voltam, \u00fajra kellett telep\u00edteni a MacBook Air-j\u00e9n a macOS-t, mert elmond\u00e1sa szerint egy rosszakar\u00f3ja \u0151t megfigyeli rajta kereszt\u00fcl. Illetve egy\u00fattal az iPhone-ja eset\u00e9n is k\u00e9rte, hogy telep\u00edtsem \u00fajra, ugyanezen okb\u00f3l. Alapb\u00f3l el kellett volna utas\u00edtanom a lehet\u0151s\u00e9get, de sajnos [&hellip;]<\/p>\n","protected":false},"author":1,"featured_media":0,"comment_status":"open","ping_status":"open","sticky":false,"template":"","format":"standard","meta":{"footnotes":""},"categories":[2],"tags":[],"class_list":["post-3544","post","type-post","status-publish","format-standard","hentry","category-blog"],"_links":{"self":[{"href":"https:\/\/www.jadeye.hu\/blog\/wp-json\/wp\/v2\/posts\/3544","targetHints":{"allow":["GET"]}}],"collection":[{"href":"https:\/\/www.jadeye.hu\/blog\/wp-json\/wp\/v2\/posts"}],"about":[{"href":"https:\/\/www.jadeye.hu\/blog\/wp-json\/wp\/v2\/types\/post"}],"author":[{"embeddable":true,"href":"https:\/\/www.jadeye.hu\/blog\/wp-json\/wp\/v2\/users\/1"}],"replies":[{"embeddable":true,"href":"https:\/\/www.jadeye.hu\/blog\/wp-json\/wp\/v2\/comments?post=3544"}],"version-history":[{"count":9,"href":"https:\/\/www.jadeye.hu\/blog\/wp-json\/wp\/v2\/posts\/3544\/revisions"}],"predecessor-version":[{"id":3553,"href":"https:\/\/www.jadeye.hu\/blog\/wp-json\/wp\/v2\/posts\/3544\/revisions\/3553"}],"wp:attachment":[{"href":"https:\/\/www.jadeye.hu\/blog\/wp-json\/wp\/v2\/media?parent=3544"}],"wp:term":[{"taxonomy":"category","embeddable":true,"href":"https:\/\/www.jadeye.hu\/blog\/wp-json\/wp\/v2\/categories?post=3544"},{"taxonomy":"post_tag","embeddable":true,"href":"https:\/\/www.jadeye.hu\/blog\/wp-json\/wp\/v2\/tags?post=3544"}],"curies":[{"name":"wp","href":"https:\/\/api.w.org\/{rel}","templated":true}]}}