{"id":3609,"date":"2025-04-19T20:15:27","date_gmt":"2025-04-19T18:15:27","guid":{"rendered":"https:\/\/www.jadeye.hu\/blog\/?p=3609"},"modified":"2025-04-19T20:15:27","modified_gmt":"2025-04-19T18:15:27","slug":"egy-kamu-keanu-reeves-idezet-terjedesenek-idorendi-mintaja-egy-nyilvanos-facebook-csoportban","status":"publish","type":"post","link":"https:\/\/www.jadeye.hu\/blog\/2025\/04\/19\/egy-kamu-keanu-reeves-idezet-terjedesenek-idorendi-mintaja-egy-nyilvanos-facebook-csoportban\/","title":{"rendered":"Egy kamu Keanu Reeves id\u00e9zet terjed\u00e9s\u00e9nek id\u0151rendi mint\u00e1ja egy nyilv\u00e1nos Facebook-csoportban"},"content":{"rendered":"<p style=\"text-align: justify;\">Kamu id\u00e9zetekkel Dun\u00e1t lehet rekeszteni, b\u00e1r m\u00e9g ennek is t\u00f6bb fajt\u00e1ja van. Az egyik, amikor valaki val\u00f3ban mondta vagy le\u00edrta az adott dolgot, de hib\u00e1san m\u00e1shoz k\u00f6tik azt. A m\u00e1sik pedig az a kateg\u00f3ria, amikor az adott sz\u00f6veget soha nem is mondta senki, hanem egy \u201ck\u00f6lt\u0151\u201d adja azt egy ismert szem\u00e9ly sz\u00e1j\u00e1ba, ezzel pr\u00f3b\u00e1lva hitelt adni neki \u2013 \u00e9s ha az r\u00e1h\u00fazhat\u00f3 a megszem\u00e9lyes\u00edtett illet\u0151re, teh\u00e1t hogy nem idegen t\u0151le az, hogy ilyesmit mondjon, akkor az \u201cnagyot tud menni\u201d, sajnos m\u00e9g akkor is, ha a sz\u00f6vegen egy\u00e9bk\u00e9nt l\u00e1tsz\u00f3dik (vagy legal\u00e1bbis l\u00e1tsz\u00f3dnia kellene), hogy aki leford\u00edtotta, az ferd\u00edtett rajta.<\/p>\n<p style=\"text-align: justify;\">Ilyen most az al\u00e1bbi k\u00e9perny\u0151fot\u00f3kon l\u00e1that\u00f3, az \u00e1ll\u00edt\u00e1s szerint Keanu Reeves-nek tulajdon\u00edtott sz\u00f6veg, aminek az angol v\u00e1ltozata egy\u00e9bk\u00e9nt kiss\u00e9 m\u00e1s tartalm\u00fa, mint a magyarul terjed\u0151 k\u00f6ltem\u00e9ny. A <a href=\"https:\/\/www.snopes.com\/fact-check\/keanu-reeves-pain-changes-shape-quote\/\" target=\"_blank\" rel=\"noopener\">Snopes vonatkoz\u00f3 cikke<\/a> pedig azt tal\u00e1lta, hogy ez az \u00e1tirat val\u00f3sz\u00edn\u0171leg egy 2006-os interj\u00fa elferd\u00edtett sz\u00f6vege, amiben Keanu Reeves egy\u00e9bk\u00e9nt a gy\u00e1szr\u00f3l besz\u00e9lt.<\/p>\n<p style=\"text-align: justify;\">N\u00e9zz\u00fck, hogyan terjedt mindez egy \u00e1tlagos, megh\u00f6kkent\u0151 b\u00f6lcsess\u00e9gekkel teli Facebook-csoportban.<\/p>\n<h1 style=\"text-align: justify;\">2024.10.11. 17:25<\/h1>\n<p style=\"text-align: justify;\">A jelek szerint az eg\u00e9szet Katalin kezdte, aki j\u00f3 es\u00e9llyel p\u00e1ly\u00e1zhatna a csoport \u00fcgyeletes Keanu-felel\u0151se c\u00edmre, mert nem csak ezt az egy, Keanu-nak tulajdon\u00edtott id\u00e9zetet &#8222;osztotta be a csopiba\u201d:<\/p>\n<p style=\"text-align: center;\"><img loading=\"lazy\" decoding=\"async\" src=\"https:\/\/www.jadeye.hu\/blog\/wp-content\/uploads\/2025\/04\/20241011.png\" alt=\"\" width=\"560\" height=\"1000\" class=\"alignnone wp-image-3611\" \/><\/p>\n<p style=\"text-align: justify;\">Mondjuk nagy visszhangot nem v\u00e1ltott ki, \u00f6sszesen 126 l\u00e1jkot kapott, h\u00e1rom hozz\u00e1sz\u00f3l\u00e1ssal \u00e9s 25 (l\u00e1that\u00f3) megoszt\u00e1ssal.<\/p>\n<h1 style=\"text-align: justify;\">2024.10.16. 17:35<\/h1>\n<p style=\"text-align: justify;\">Zsuzsa egy \u00faj k\u00e9ppel hozta az id\u00e9zetet, sallangok n\u00e9lk\u00fcl:<\/p>\n<p style=\"text-align: center;\"><img loading=\"lazy\" decoding=\"async\" src=\"https:\/\/www.jadeye.hu\/blog\/wp-content\/uploads\/2025\/04\/20241016.png\" alt=\"\" width=\"600\" height=\"679\" class=\"alignnone wp-image-3633\" \/><\/p>\n<h1 style=\"text-align: justify;\">2024.10.17. 18:15<\/h1>\n<p style=\"text-align: justify;\">Be\u00e1ta m\u00e1st\u00f3l \u00e9s m\u00e1s k\u00e9ppel beosztva pr\u00f3b\u00e1lkozott:<\/p>\n<p style=\"text-align: center;\"><img loading=\"lazy\" decoding=\"async\" src=\"https:\/\/www.jadeye.hu\/blog\/wp-content\/uploads\/2025\/04\/20241017.png\" alt=\"\" width=\"609\" height=\"1000\" class=\"alignnone wp-image-3612\" \/><\/p>\n<h1 style=\"text-align: justify;\">2024.10.23. 7:51<\/h1>\n<p style=\"text-align: justify;\">Judit p\u00e1r nappal k\u00e9s\u0151bb szint\u00e9n m\u00e1shonnan \u00e9s m\u00e1r megint egy \u00fajabb k\u00e9ppel beosztva f\u00e1jd\u00edtotta a csoportot:<\/p>\n<p style=\"text-align: center;\"><img loading=\"lazy\" decoding=\"async\" src=\"https:\/\/www.jadeye.hu\/blog\/wp-content\/uploads\/2025\/04\/20241023.png\" alt=\"\" width=\"612\" height=\"1000\" class=\"alignnone wp-image-3613\" \/><\/p>\n<h1 style=\"text-align: justify;\">2024.10.31. 12:40<\/h1>\n<p style=\"text-align: justify;\">Zolt\u00e1n nem vesz\u0151d\u00f6tt feleslegesen k\u00e9ppel, hiszen \u00fagyis a sz\u00f6veg a l\u00e9nyeg:<\/p>\n<p style=\"text-align: center;\"><img loading=\"lazy\" decoding=\"async\" src=\"https:\/\/www.jadeye.hu\/blog\/wp-content\/uploads\/2025\/04\/20241031-02.png\" alt=\"\" width=\"600\" height=\"225\" class=\"alignnone wp-image-3634\" \/><\/p>\n<h1 style=\"text-align: justify;\">2024.10.31. 13:17<\/h1>\n<p style=\"text-align: justify;\">Julianna nem l\u00e1tta Zolt\u00e1n p\u00e1r perccel kor\u00e1bbi posztj\u00e1t, hanem csak r\u00f6gt\u00f6n tov\u00e1bbosztotta a csoportba, amit Ferencn\u00e9l l\u00e1tott, mert szerinte ez \u00edgy igaz:<\/p>\n<p style=\"text-align: center;\"><img loading=\"lazy\" decoding=\"async\" src=\"https:\/\/www.jadeye.hu\/blog\/wp-content\/uploads\/2025\/04\/20241031.png\" alt=\"\" width=\"596\" height=\"1000\" class=\"alignnone wp-image-3614\" \/><\/p>\n<h1 style=\"text-align: justify;\">2024.11.06. 5:57<\/h1>\n<p style=\"text-align: justify;\">V\u00e9gre a csoport tulajdonosa is r\u00e1pr\u00f3b\u00e1lt, \u00e9s \u0151 is megosztotta, de val\u00f3sz\u00edn\u0171leg mivel ezt reggel 5:57-kor tette, nem j\u00e1rt sok sikerrel, mert ilyen kor\u00e1n az emberek m\u00e9g biztosan nem \u00e9bredtek fel a poszt nagys\u00e1g\u00e1hoz:<\/p>\n<p style=\"text-align: center;\"><img loading=\"lazy\" decoding=\"async\" src=\"https:\/\/www.jadeye.hu\/blog\/wp-content\/uploads\/2025\/04\/20241106-01.png\" alt=\"\" width=\"592\" height=\"1000\" class=\"alignnone wp-image-3615\" \/><\/p>\n<h1 style=\"text-align: justify;\">2024.11.06. 12:55<\/h1>\n<p style=\"text-align: justify;\">M\u00e9g mindig november 6-\u00e1t \u00edrunk, \u00e9s Emma p\u00e9ld\u00e1ul biztosan aludhatott reggel 6-kor, mert aznap 12:55-kor \u0151 is beosztotta a f\u00e1jdalmat, de h\u00e1t \u00edgy nyilv\u00e1n csak keveseket \u00e9rdekelt:<\/p>\n<p style=\"text-align: center;\"><img loading=\"lazy\" decoding=\"async\" src=\"https:\/\/www.jadeye.hu\/blog\/wp-content\/uploads\/2025\/04\/20241106-02.png\" alt=\"\" width=\"593\" height=\"1000\" class=\"alignnone wp-image-3616\" \/><\/p>\n<h1 style=\"text-align: justify;\">2025.01.09. 12:25<\/h1>\n<p style=\"text-align: justify;\">M\u00e1ria egy, a neve alapj\u00e1n n\u0151i oldalr\u00f3l osztotta tov\u00e1bb:<\/p>\n<p style=\"text-align: center;\"><img loading=\"lazy\" decoding=\"async\" src=\"https:\/\/www.jadeye.hu\/blog\/wp-content\/uploads\/2025\/04\/20250109.png\" alt=\"\" width=\"613\" height=\"1000\" class=\"alignnone wp-image-3630\" \/><\/p>\n<h1 style=\"text-align: justify;\">2025.01.10. 22:14<\/h1>\n<p style=\"text-align: justify;\">Egy m\u00e1sik M\u00e1ria egy m\u00e1sik oldalr\u00f3l emelte be, az \u0151 p\u00e9ld\u00e1j\u00e1t t\u00f6bben is k\u00f6vetik majd, hogy ugyanarr\u00f3l az oldalr\u00f3l osztj\u00e1k \u00e1t ide:<\/p>\n<p style=\"text-align: center;\"><img loading=\"lazy\" decoding=\"async\" src=\"https:\/\/www.jadeye.hu\/blog\/wp-content\/uploads\/2025\/04\/20250110.png\" alt=\"\" width=\"631\" height=\"1000\" class=\"alignnone wp-image-3631\" \/><\/p>\n<h1 style=\"text-align: justify;\">2025.01.11. 15:10<\/h1>\n<p style=\"text-align: justify;\">R\u00f3za sem volt rest, d\u00e9lut\u00e1n gyorsan \u00e1tosztotta ugyanarr\u00f3l az oldalr\u00f3l, ahonnan M\u00e1ria is 01.10-\u00e9n, hogy itt is \u00e9lvezz\u00e9k a tagok, ha m\u00e9g sosem l\u00e1tt\u00e1k volna:<\/p>\n<p style=\"text-align: center;\"><img loading=\"lazy\" decoding=\"async\" src=\"https:\/\/www.jadeye.hu\/blog\/wp-content\/uploads\/2025\/04\/20250111.png\" alt=\"\" width=\"618\" height=\"1000\" class=\"alignnone wp-image-3629\" \/><\/p>\n<h1 style=\"text-align: justify;\">2025.01.13. 7:26<\/h1>\n<p style=\"text-align: justify;\">A csoport tulajdonosa ezen a reggelen ezt el\u0151sz\u00f6r egy t\u00e9li festm\u00e9ny k\u00e9p\u00e9vel illusztr\u00e1lta:<\/p>\n<p style=\"text-align: center;\"><img loading=\"lazy\" decoding=\"async\" src=\"https:\/\/www.jadeye.hu\/blog\/wp-content\/uploads\/2025\/04\/20250113-02.png\" alt=\"\" width=\"600\" height=\"532\" class=\"alignnone wp-image-3632\" \/><\/p>\n<h1 style=\"text-align: justify;\">2025.01.13. 7:46<\/h1>\n<p style=\"text-align: justify;\">Majd 20 perccel k\u00e9s\u0151bb ism\u00e9t kitette, de m\u00e1r egy m\u00e1sik k\u00e9ppel, ami m\u00e1r kicsit jobb eredm\u00e9nyt \u00e9rt el, tal\u00e1n mert Keanu van a k\u00e9pen:<\/p>\n<p style=\"text-align: center;\"><img loading=\"lazy\" decoding=\"async\" src=\"https:\/\/www.jadeye.hu\/blog\/wp-content\/uploads\/2025\/04\/20250113.png\" alt=\"\" width=\"592\" height=\"1000\" class=\"alignnone wp-image-3617\" \/><\/p>\n<h1 style=\"text-align: justify;\">2025.01.21. 8:54<\/h1>\n<p style=\"text-align: justify;\">Ferencet is annyira megfogta ez a \u201cf\u00e1jdalmas poszt\u201d, hogy k\u00e9tszer is meg kellett osztania, el\u0151sz\u00f6r janu\u00e1rban, ami eg\u00e9sz sz\u00e9pet ment \u2013 eddig ez a megoszt\u00e1s hozta a legmagasabb sz\u00e1mokat (ebben a csoportban):<\/p>\n<p style=\"text-align: center;\"><img loading=\"lazy\" decoding=\"async\" src=\"https:\/\/www.jadeye.hu\/blog\/wp-content\/uploads\/2025\/04\/20250121.png\" alt=\"\" width=\"594\" height=\"1000\" class=\"alignnone wp-image-3618\" \/><\/p>\n<h1 style=\"text-align: justify;\">2025.01.24. 5:00<\/h1>\n<p style=\"text-align: justify;\">Ha m\u00e1r Ferenc posztj\u00e1t szanasz\u00e9t l\u00e1jkolt\u00e1k, a csoport tulajdonosa is megpr\u00f3b\u00e1lkozott a poszttal \u00fajb\u00f3l, de m\u00e1r egy m\u00e1sik k\u00e9ppel \u2013 ami gyakorlatilag nem \u00e9rdekelt senkit, biztosan t\u00fal k\u00f6zel volt az el\u0151bbihez id\u0151ben, ami m\u00e1r kimer\u00edtette a \u201cl\u00e1jkt\u00e1rol\u00f3kat\u201d, vagy mind\u00f6ssze csak a tot\u00e1l irrelev\u00e1ns, j\u00f3hiszem\u0171en maximum Keanu n\u0151i altereg\u00f3j\u00e1t \u00e1br\u00e1zol\u00f3, giccses k\u00e9p lehetett az oka ennek:<\/p>\n<p style=\"text-align: center;\"><img loading=\"lazy\" decoding=\"async\" src=\"https:\/\/www.jadeye.hu\/blog\/wp-content\/uploads\/2025\/04\/20250124-1.png\" alt=\"\" width=\"592\" height=\"1000\" class=\"alignnone wp-image-3625\" \/><\/p>\n<h1 style=\"text-align: justify;\">2025.01.30. 11:08<\/h1>\n<p style=\"text-align: justify;\">L\u00e1tv\u00e1n, hogy a nem hozz\u00e1ill\u0151 k\u00e9ppel megosztott kamu id\u00e9zet nem v\u00e1ltott ki l\u00e1jkrobban\u00e1st, mint Ferenc janu\u00e1r 21-i posztja, a csoport tulajdonosa megpr\u00f3b\u00e1lta az abban haszn\u00e1lt k\u00e9ppel \u00fajb\u00f3l. Kicsit t\u00f6bb l\u00e1jk, de igaz\u00e1b\u00f3l ugyan\u00fagy nulla eredm\u00e9ny.<\/p>\n<p style=\"text-align: center;\"><img loading=\"lazy\" decoding=\"async\" src=\"https:\/\/www.jadeye.hu\/blog\/wp-content\/uploads\/2025\/04\/20250130.png\" alt=\"\" width=\"592\" height=\"1000\" class=\"alignnone wp-image-3619\" \/><\/p>\n<h1 style=\"text-align: justify;\">2025.02.26. 18:48<\/h1>\n<p style=\"text-align: justify;\">Azt\u00e1n j\u00f6tt Istv\u00e1n, aki szint\u00e9n megpr\u00f3b\u00e1lkozott a megoszt\u00e1ssal, egy m\u00e1sik oldalr\u00f3l \u00e1tosztva (ak\u00e1rcsak fentebb M\u00e1ria 01.10-\u00e9n \u00e9s R\u00f3za 01.11-\u00e9n), de a jelek szerint m\u00e9g b\u0151ven az el\u0151z\u0151 megoszt\u00e1sok hat\u00e1sa alatt volt a nagy\u00e9rdem\u0171, mert nem nagyon \u00e9rt\u00e9kelt\u00e9k \u2013 b\u00e1r m\u00e9g mindig t\u00f6bben, mint a csoport tulajdonos\u00e1nak kor\u00e1bbi megoszt\u00e1s\u00e1t:<\/p>\n<p style=\"text-align: center;\"><img loading=\"lazy\" decoding=\"async\" src=\"https:\/\/www.jadeye.hu\/blog\/wp-content\/uploads\/2025\/04\/20250226.png\" alt=\"\" width=\"591\" height=\"1000\" class=\"alignnone wp-image-3620\" \/><\/p>\n<h1 style=\"text-align: justify;\">2025.03.08. 9:15<\/h1>\n<p style=\"text-align: justify;\">Ferenc \u00fajb\u00f3l t\u00e1madt vele m\u00e1rciusban, ism\u00e9t t\u00f6bb ezer l\u00e1jkot habzsolva be, de az az\u00f3ta eltelt id\u0151 miatt a janu\u00e1ri posztja t\u00f6bb ezres el\u0151nyben van a m\u00e1rciusi ism\u00e9tl\u00e9s\u00e9vel szemben:<\/p>\n<p style=\"text-align: center;\"><img loading=\"lazy\" decoding=\"async\" src=\"https:\/\/www.jadeye.hu\/blog\/wp-content\/uploads\/2025\/04\/20250308.png\" alt=\"\" width=\"614\" height=\"1000\" class=\"alignnone wp-image-3621\" \/><\/p>\n<p style=\"text-align: justify;\">\u00dagy t\u0171nik, hogy Ferenc l\u00f6vi be t\u00f6k\u00e9letesen a csoporttagok megc\u00e9lz\u00e1s\u00e1nak idej\u00e9t, ami a reggel 9 \u00f3ra.<\/p>\n<h1 style=\"text-align: justify;\">2025.03.09. 2:26<\/h1>\n<p style=\"text-align: justify;\">Egy nappal k\u00e9s\u0151bb Izabell\u00e1nak is tetszett, szerinte csod\u00e1s id\u00e9zet, de \u0151 m\u00e1st\u00f3l &#8222;osztotta bele\u201d a csoportba:<\/p>\n<p style=\"text-align: center;\"><img loading=\"lazy\" decoding=\"async\" src=\"https:\/\/www.jadeye.hu\/blog\/wp-content\/uploads\/2025\/04\/20250309.png\" alt=\"\" width=\"597\" height=\"1000\" class=\"alignnone wp-image-3622\" \/><\/p>\n<h1 style=\"text-align: justify;\">2025.03.11. 3:34<\/h1>\n<p style=\"text-align: justify;\">J\u00e1nos is szereti a f\u00e1jdalmas posztot:<\/p>\n<p style=\"text-align: center;\"><img loading=\"lazy\" decoding=\"async\" src=\"https:\/\/www.jadeye.hu\/blog\/wp-content\/uploads\/2025\/04\/20250311.png\" alt=\"\" width=\"613\" height=\"1000\" class=\"alignnone wp-image-3623\" \/><\/p>\n<p style=\"text-align: justify;\">\u00c1prilisban m\u00e9g nem dobott ebb\u0151l \u00fajabbat a csoportban val\u00f3 keres\u00e9s, csak m\u00e1sik, szint\u00e9n Keanu-val t\u00e1lalt p\u00e9ldabesz\u00e9deket, de ez legkev\u00e9sb\u00e9 sem jelenti azt, hogy ne ker\u00fclhetne bele ez b\u00e1rmikor \u00fajb\u00f3l, hiszen csak egyetlen olyan csoporttag kell, aki m\u00e9g nem tal\u00e1lkozott vele kor\u00e1bban, vagy csak m\u00e1r nem eml\u00e9kszik r\u00e1, \u00e9s \u00fagy \u00e9rzi, meg kell osztania.<\/p>\n<h1>+1<\/h1>\n<p style=\"text-align: justify;\">A hozz\u00e1sz\u00f3l\u00e1sokat egy nyilv\u00e1nos poszt alatt gyakorlatilag sosem szabad sehol elolvasni a Facebookon \u2013 b\u00e1r az mindig vicces, amikor az \u00e1ll\u00edt\u00e1s saj\u00e1t mag\u00e1t c\u00e1folja, mint ebben az esetben, amikor valaki mindent tud r\u00f3la, csak azt nem, amire Erzs\u00e9bet h\u00edvja fel a figyelmet:<\/p>\n<p style=\"text-align: center;\"><img loading=\"lazy\" decoding=\"async\" src=\"https:\/\/www.jadeye.hu\/blog\/wp-content\/uploads\/2025\/04\/mindent-tudok-rola.png\" alt=\"\" width=\"600\" height=\"184\" class=\"alignnone wp-image-3636\" \/><\/p>\n","protected":false},"excerpt":{"rendered":"<p>Kamu id\u00e9zetekkel Dun\u00e1t lehet rekeszteni, b\u00e1r m\u00e9g ennek is t\u00f6bb fajt\u00e1ja van. Az egyik, amikor valaki val\u00f3ban mondta vagy le\u00edrta az adott dolgot, de hib\u00e1san m\u00e1shoz k\u00f6tik azt. A m\u00e1sik pedig az a kateg\u00f3ria, amikor az adott sz\u00f6veget soha nem is mondta senki, hanem egy \u201ck\u00f6lt\u0151\u201d adja azt egy ismert [&hellip;]<\/p>\n","protected":false},"author":1,"featured_media":0,"comment_status":"open","ping_status":"open","sticky":false,"template":"","format":"standard","meta":{"footnotes":""},"categories":[2],"tags":[],"class_list":["post-3609","post","type-post","status-publish","format-standard","hentry","category-blog"],"_links":{"self":[{"href":"https:\/\/www.jadeye.hu\/blog\/wp-json\/wp\/v2\/posts\/3609","targetHints":{"allow":["GET"]}}],"collection":[{"href":"https:\/\/www.jadeye.hu\/blog\/wp-json\/wp\/v2\/posts"}],"about":[{"href":"https:\/\/www.jadeye.hu\/blog\/wp-json\/wp\/v2\/types\/post"}],"author":[{"embeddable":true,"href":"https:\/\/www.jadeye.hu\/blog\/wp-json\/wp\/v2\/users\/1"}],"replies":[{"embeddable":true,"href":"https:\/\/www.jadeye.hu\/blog\/wp-json\/wp\/v2\/comments?post=3609"}],"version-history":[{"count":7,"href":"https:\/\/www.jadeye.hu\/blog\/wp-json\/wp\/v2\/posts\/3609\/revisions"}],"predecessor-version":[{"id":3637,"href":"https:\/\/www.jadeye.hu\/blog\/wp-json\/wp\/v2\/posts\/3609\/revisions\/3637"}],"wp:attachment":[{"href":"https:\/\/www.jadeye.hu\/blog\/wp-json\/wp\/v2\/media?parent=3609"}],"wp:term":[{"taxonomy":"category","embeddable":true,"href":"https:\/\/www.jadeye.hu\/blog\/wp-json\/wp\/v2\/categories?post=3609"},{"taxonomy":"post_tag","embeddable":true,"href":"https:\/\/www.jadeye.hu\/blog\/wp-json\/wp\/v2\/tags?post=3609"}],"curies":[{"name":"wp","href":"https:\/\/api.w.org\/{rel}","templated":true}]}}