{"id":51,"date":"2006-02-18T10:55:26","date_gmt":"2006-02-18T09:55:26","guid":{"rendered":"http:\/\/jadeye.hu\/blog\/?p=51"},"modified":"2006-02-18T10:55:26","modified_gmt":"2006-02-18T09:55:26","slug":"sut-a-nap","status":"publish","type":"post","link":"https:\/\/www.jadeye.hu\/blog\/2006\/02\/18\/sut-a-nap\/","title":{"rendered":"S\u00fct a nap!!!"},"content":{"rendered":"<p style=\"text-align: justify;\"><strong>Nem is eml\u00e9kszem, mikor \u00e9bredtem utolj\u00e1ra naps\u00fct\u00e9sre&#8230;<\/strong><\/p>\n<p style=\"text-align: justify;\">V\u00e9gre valamennyire kialudtam magam, \u00e9s m\u00e9g r\u00e1ad\u00e1sul gy\u00f6ny\u00f6r\u0171en s\u00fct a nap, sz\u00e9p az id\u0151, ilyenek. Ilona pont ezen nyavajgott cs\u00fct\u00f6rt\u00f6k este, mikor felh\u00edvtam, hogy nincs kedve kimozdulni, mert szar az id\u0151. Erre tess\u00e9k, \u00e9n is r\u00e1\u00e9rek \u00e9pp, az id\u0151 is gy\u00f6ny\u00f6r\u0171, de h\u00e1t ez van.<\/p>\n<p style=\"text-align: justify;\">R\u00e1 kellett j\u00f6nn\u00f6m viszont arra is, hogy ha nyugodtan akarok aludni, k\u00e9nytelen vagyok bez\u00e1rni a szob\u00e1m ajtaj\u00e1t, ne j\u00f6jj\u00f6n be reggel a fater tiszta ruh\u00e1t behozni, mert fel\u00e9bredek r\u00e1&#8230; Na ez szar volt a reggelben, de nem hagyom, hogy elrontsa a napot!<\/p>\n<p style=\"text-align: justify;\">Elvileg \u00fagy volt, hogy a Tata Nikij\u00e9vel (aki k\u00f6zben m\u00e1r ex lett), m\u00e9g el\u0151z\u0151 h\u00e9tv\u00e9g\u00e9n megy\u00fcnk piercinget cser\u00e9ltetni. Szerintem ez m\u00e9g j\u00f6v\u0151 h\u00e9tre is el fog cs\u00faszni. Ma este meg elvileg koncert a Tek\u00e9ben, aki gondolja, j\u00f6jj\u00f6n. <strong><em>[update 14:21-kor: ja, most m\u00e9g csak febru\u00e1r van, az meg m\u00e1rciusban lesz&#8230;]<\/em><\/strong><\/p>\n<p style=\"text-align: justify;\">Na megyek, k\u00e9ne zuhizni, meg kaj\u00e1lni is&#8230; ;o)<\/p>\n<p style=\"text-align: justify;\"><strong>[reggeli bejegyz\u00e9s v\u00e9ge]<\/strong><\/p>\n","protected":false},"excerpt":{"rendered":"<p>Nem is eml\u00e9kszem, mikor \u00e9bredtem utolj\u00e1ra naps\u00fct\u00e9sre&#8230; V\u00e9gre valamennyire kialudtam magam, \u00e9s m\u00e9g r\u00e1ad\u00e1sul gy\u00f6ny\u00f6r\u0171en s\u00fct a nap, sz\u00e9p az id\u0151, ilyenek. Ilona pont ezen nyavajgott cs\u00fct\u00f6rt\u00f6k este, mikor felh\u00edvtam, hogy nincs kedve kimozdulni, mert szar az id\u0151. Erre tess\u00e9k, \u00e9n is r\u00e1\u00e9rek \u00e9pp, az id\u0151 is gy\u00f6ny\u00f6r\u0171, de h\u00e1t [&hellip;]<\/p>\n","protected":false},"author":1,"featured_media":0,"comment_status":"open","ping_status":"open","sticky":false,"template":"","format":"standard","meta":{"footnotes":""},"categories":[2],"tags":[],"class_list":["post-51","post","type-post","status-publish","format-standard","hentry","category-blog"],"_links":{"self":[{"href":"https:\/\/www.jadeye.hu\/blog\/wp-json\/wp\/v2\/posts\/51","targetHints":{"allow":["GET"]}}],"collection":[{"href":"https:\/\/www.jadeye.hu\/blog\/wp-json\/wp\/v2\/posts"}],"about":[{"href":"https:\/\/www.jadeye.hu\/blog\/wp-json\/wp\/v2\/types\/post"}],"author":[{"embeddable":true,"href":"https:\/\/www.jadeye.hu\/blog\/wp-json\/wp\/v2\/users\/1"}],"replies":[{"embeddable":true,"href":"https:\/\/www.jadeye.hu\/blog\/wp-json\/wp\/v2\/comments?post=51"}],"version-history":[{"count":0,"href":"https:\/\/www.jadeye.hu\/blog\/wp-json\/wp\/v2\/posts\/51\/revisions"}],"wp:attachment":[{"href":"https:\/\/www.jadeye.hu\/blog\/wp-json\/wp\/v2\/media?parent=51"}],"wp:term":[{"taxonomy":"category","embeddable":true,"href":"https:\/\/www.jadeye.hu\/blog\/wp-json\/wp\/v2\/categories?post=51"},{"taxonomy":"post_tag","embeddable":true,"href":"https:\/\/www.jadeye.hu\/blog\/wp-json\/wp\/v2\/tags?post=51"}],"curies":[{"name":"wp","href":"https:\/\/api.w.org\/{rel}","templated":true}]}}