{"id":56,"date":"2006-02-23T22:11:57","date_gmt":"2006-02-23T21:11:57","guid":{"rendered":"http:\/\/jadeye.hu\/blog\/?p=56"},"modified":"2006-02-23T22:11:57","modified_gmt":"2006-02-23T21:11:57","slug":"amikor-az-ember-meg-a-sajat-nevet-se-tudja-o","status":"publish","type":"post","link":"https:\/\/www.jadeye.hu\/blog\/2006\/02\/23\/amikor-az-ember-meg-a-sajat-nevet-se-tudja-o\/","title":{"rendered":"Amikor az ember m\u00e9g a saj\u00e1t nev\u00e9t se tudja&#8230; ;o)"},"content":{"rendered":"<p style=\"text-align: justify;\"><strong>Szeg\u00e9ny Latyuka, meg a l\u00e1nyos zavar esete R\u00f3berttel&#8230;<br \/>\n<\/strong><br \/>\nSajna ma sem tal\u00e1lkoztam \u00f6ssze a valentinos csajszival, hi\u00e1ba mentem kor\u00e1bban. Mondjuk az is biztos, hogy majd akkor futok vele \u00f6ssze, ha m\u00e1r nem sz\u00e1m\u00edtok r\u00e1&#8230; ;o)<\/p>\n<p style=\"text-align: justify;\">Sz\u00f3val Latyuka&#8230; Ma is ezer h\u00edv\u00e1s volt, k\u00f6zben egy kedves volt koll\u00e9g\u00e1r\u00f3l besz\u00e9lgett\u00fcnk, R\u00f3bertr\u0151l. Azt hiszem, \u00e9ppen egy kimentett alkot\u00e1s\u00e1t hallgattuk, mikor becs\u00f6rg\u00f6tt Latyuka vonala, \u00e9s f\u00f6l kellett vennie. \u00d6sszekavarva a besz\u00e9lget\u00e9st\u0151l, enyh\u00e9n vidor hangulatban vette fel a h\u00edv\u00e1st, majd bemutatkozott: \u00c3\u0153dv\u00f6zl\u00f6m, [Latyuka vezet\u00e9kneve] R\u00f3bert vagyok, majd helyesb\u00edtette a saj\u00e1t nev\u00e9re, mi meg d\u0151lt\u00fcnk a r\u00f6h\u00f6g\u00e9st\u0151l&#8230; ;o) Vajon az \u00fcgyf\u00e9l mit gondolhatott, mert majdnem beler\u00f6h\u00f6g\u00f6tt a f\u00fcl\u00e9be&#8230;<\/p>\n<p style=\"text-align: justify;\">Hazafel\u00e9 menet a metr\u00f3n l\u00e1ttam a Megaszt\u00e1ros G\u00e1l Csaba Boogie-t. De vajon j\u00f3 ez nekem&#8230;?<\/p>\n<p style=\"text-align: justify;\">Azt meg, hogy milyen kicsi a vil\u00e1g, j\u00f3l \u00e9rz\u00e9kelteti, hogy a Kata pasija is testk\u00f6zelb\u0151l ismeri Hajd\u00fadorogot&#8230; Hogy ett\u0151l a helyt\u0151l k\u00e9ptelens\u00e9g megszabadulni, azt valahogy nem hittem volna. Azon t\u00fal, mikor elkezdtem mel\u00f3zni a Tiborn\u00e1l, azt sem gondoltam, hogy egyr\u00e9szt kider\u00fcl, hogy van p\u00e1r k\u00f6z\u00f6s ismer\u0151s\u00fcnk a Kat\u00e1val, r\u00e1ad\u00e1sul ma este t\u00f6k j\u00f3l eldum\u00e1ltunk, mikor a bar\u00e1tn\u0151j\u00e9nek meg\u00edrt CD-t \u00e1tvittem&#8230; \u00c9s ez j\u00f3! Van egy kisug\u00e1rz\u00e1sa a l\u00e1nyk\u00e1nak, \u00e9s hat\u00e1rozottan jobb kedvre der\u00edtett vele ez a besz\u00e9lget\u00e9s. ;o)<\/p>\n<p style=\"text-align: justify;\">Az meg m\u00e1r meg sem lepett, hogy egyik volt oszt\u00e1lyt\u00e1rsam f\u00e9rjhez ment, de az nem mindegy kihez, mert az illet\u0151 a Szasza a Zorall\/Action\/mittom\u00e9n-b\u0151l. Vicces az \u00e9let.<\/p>\n<p style=\"text-align: justify;\">Bogi ma nem volt j\u00f3 hangulatban, alig besz\u00e9lt\u00fcnk. \u00cdrt 3 dog\u00e1t, de nem siker\u00fclt neki a legjobban a francia dog\u00e1ja, \u00e9s emiatt szar volt a kedve. \u00cdrtam neki WiW-en, mert MSN-r\u0151l el is t\u0171nt egy kicsivel k\u00e9s\u0151bb. Ez\u00e9rt maradt a Wiw \u00fczen\u0151falnak, hogy sajn\u00e1lom, hogy szar volt a napja, meg hogy gondolatban j\u00f3l megszorongatn\u00e1m, \u00e9s adn\u00e9k egy puszit a homlok\u00e1ra, vagy kett\u0151t az arc\u00e1ra, ha att\u00f3l jobb lenne a kedve. Az\u00f3ta ma m\u00e1r volt fent WiW-en, de \u00fagy l\u00e1tszik, nem lett jobb a kedve, mert nem v\u00e1laszolt, \u00e9s MSN-en sincs fent.<\/p>\n<p style=\"text-align: justify;\">Holnap meg valami c\u00e9ges hepaj lesz d\u00e9lut\u00e1n, valami n\u00e9vnapoz\u00e1s, vagy nemtom, meg lehet szakszervezetalakul\u00e1s, mert megvan r\u00e1 a l\u00e9tsz\u00e1m, vagy nemtom. Majd kider\u00fcl. Rem\u00e9lem, az\u00e9rt nem tart majd eg\u00e9sz estig&#8230;<\/p>\n<p style=\"text-align: justify;\">Meg arra is k\u00edv\u00e1ncsi leszek hogy a Kata bar\u00e1tn\u0151je meg tudja-e oldani a telep\u00edt\u00e9st, hogy v\u00e9gre menjen neki rendesen a messengere, most, hogy meg\u00edrtam neki a CD-j\u00e9t.<\/p>\n<p style=\"text-align: justify;\"><strong>[\u00e9s \u00e9n m\u00e9g tudom a nevem: tal\u00e1n Peti, vagy nemtom&#8230;?]<\/strong><\/p>\n","protected":false},"excerpt":{"rendered":"<p>Szeg\u00e9ny Latyuka, meg a l\u00e1nyos zavar esete R\u00f3berttel&#8230; Sajna ma sem tal\u00e1lkoztam \u00f6ssze a valentinos csajszival, hi\u00e1ba mentem kor\u00e1bban. Mondjuk az is biztos, hogy majd akkor futok vele \u00f6ssze, ha m\u00e1r nem sz\u00e1m\u00edtok r\u00e1&#8230; ;o) Sz\u00f3val Latyuka&#8230; Ma is ezer h\u00edv\u00e1s volt, k\u00f6zben egy kedves volt koll\u00e9g\u00e1r\u00f3l besz\u00e9lgett\u00fcnk, R\u00f3bertr\u0151l. Azt [&hellip;]<\/p>\n","protected":false},"author":1,"featured_media":0,"comment_status":"open","ping_status":"open","sticky":false,"template":"","format":"standard","meta":{"footnotes":""},"categories":[2],"tags":[],"class_list":["post-56","post","type-post","status-publish","format-standard","hentry","category-blog"],"_links":{"self":[{"href":"https:\/\/www.jadeye.hu\/blog\/wp-json\/wp\/v2\/posts\/56","targetHints":{"allow":["GET"]}}],"collection":[{"href":"https:\/\/www.jadeye.hu\/blog\/wp-json\/wp\/v2\/posts"}],"about":[{"href":"https:\/\/www.jadeye.hu\/blog\/wp-json\/wp\/v2\/types\/post"}],"author":[{"embeddable":true,"href":"https:\/\/www.jadeye.hu\/blog\/wp-json\/wp\/v2\/users\/1"}],"replies":[{"embeddable":true,"href":"https:\/\/www.jadeye.hu\/blog\/wp-json\/wp\/v2\/comments?post=56"}],"version-history":[{"count":0,"href":"https:\/\/www.jadeye.hu\/blog\/wp-json\/wp\/v2\/posts\/56\/revisions"}],"wp:attachment":[{"href":"https:\/\/www.jadeye.hu\/blog\/wp-json\/wp\/v2\/media?parent=56"}],"wp:term":[{"taxonomy":"category","embeddable":true,"href":"https:\/\/www.jadeye.hu\/blog\/wp-json\/wp\/v2\/categories?post=56"},{"taxonomy":"post_tag","embeddable":true,"href":"https:\/\/www.jadeye.hu\/blog\/wp-json\/wp\/v2\/tags?post=56"}],"curies":[{"name":"wp","href":"https:\/\/api.w.org\/{rel}","templated":true}]}}