{"id":62,"date":"2006-03-01T17:37:00","date_gmt":"2006-03-01T16:37:00","guid":{"rendered":"http:\/\/jadeye.hu\/blog\/?p=62"},"modified":"2006-03-01T17:37:00","modified_gmt":"2006-03-01T16:37:00","slug":"otthon-net-nelkul-szabadon","status":"publish","type":"post","link":"https:\/\/www.jadeye.hu\/blog\/2006\/03\/01\/otthon-net-nelkul-szabadon\/","title":{"rendered":"Otthon, net n\u00e9lk\u00fcl, szabadon(?)&#8230;"},"content":{"rendered":"<p style=\"text-align: justify;\"><strong>Els\u0151 est\u00e9m ism\u00e9t net n\u00e9lk\u00fcl<\/strong><\/p>\n<p style=\"text-align: justify;\">Eltelt az este is valahogy, mondjuk nem volt hossz\u00fa, mert d\u00e9lut\u00e1nos m\u0171szakb\u00f3l \u00e9rtem haza j\u00f3csk\u00e1n 11 k\u00f6r\u00fcl. Valamelyik tv-ad\u00f3n ment \u00e9pp a Pillang\u00f3-effektus, annak a v\u00e9g\u00e9t m\u00e9g el is cs\u00edptem. Mondjuk itt m\u00e1s volt a v\u00e9ge, mint ami nekem megvan, mert az eny\u00e9m a rendez\u0151i v\u00e1ltozat ugye. Ennek meg szok\u00e1sos haliv\u00fadi hepiend volt a v\u00e9ge. Persze az ilyesmi az \u00e9letben ritka.<\/p>\n<p style=\"text-align: justify;\">Ma meg megint elkezdett vacakolni a g\u00e9pem, sikeresen befagyott egy h\u00edv\u00e1s k\u00f6zben, \u00e9n meg j\u00f3l elsz\u00f3ltam magam, persze a h\u00edv\u00e1s nem szakad meg, az \u00fcgyf\u00e9l mindent hallott, \u00fagyhogy felett\u00e9bb boldog voltam&#8230; Most is egy m\u00e1sik g\u00e9pn\u00e9l vagyok. Nem igaz, hogy nem lehet m\u0171k\u00f6dnie annak a vacaknak&#8230; Komolyan, meglesz a laptopom, azon fogok dolgozni&#8230; \u00c1\u00e1\u00e1hh! <img decoding=\"async\" src=\"http:\/\/jadeye.spaces.live.com\/rte\/emoticons\/smile_baringteeth.gif\" alt=\"\" \/><\/p>\n<p style=\"text-align: justify;\">Ma is annyi a h\u00edv\u00e1s, hogy m\u00e9g kaj\u00e1lni is elfelejtettem. N\u00e9gykor akartam, de csak 5 perce tudtam elkezdeni, f\u00e9l hatkor&#8230;<\/p>\n<p style=\"text-align: justify;\">WiW-en egyre n\u0151 az ismer\u0151s\u00f6k t\u00e1bora, egyre t\u00f6bb olyan ember is bejel\u00f6l, akit meg kell k\u00e9rdeznem, hogy honnan ismer. Most \u00fagy 220 k\u00f6r\u00fcl j\u00e1rok. Vajon ez j\u00f3?<br \/>\n<strong>[egyenl\u0151re ennyi]<\/strong><\/p>\n","protected":false},"excerpt":{"rendered":"<p>Els\u0151 est\u00e9m ism\u00e9t net n\u00e9lk\u00fcl Eltelt az este is valahogy, mondjuk nem volt hossz\u00fa, mert d\u00e9lut\u00e1nos m\u0171szakb\u00f3l \u00e9rtem haza j\u00f3csk\u00e1n 11 k\u00f6r\u00fcl. Valamelyik tv-ad\u00f3n ment \u00e9pp a Pillang\u00f3-effektus, annak a v\u00e9g\u00e9t m\u00e9g el is cs\u00edptem. Mondjuk itt m\u00e1s volt a v\u00e9ge, mint ami nekem megvan, mert az eny\u00e9m a rendez\u0151i [&hellip;]<\/p>\n","protected":false},"author":1,"featured_media":0,"comment_status":"open","ping_status":"open","sticky":false,"template":"","format":"standard","meta":{"footnotes":""},"categories":[2],"tags":[],"class_list":["post-62","post","type-post","status-publish","format-standard","hentry","category-blog"],"_links":{"self":[{"href":"https:\/\/www.jadeye.hu\/blog\/wp-json\/wp\/v2\/posts\/62","targetHints":{"allow":["GET"]}}],"collection":[{"href":"https:\/\/www.jadeye.hu\/blog\/wp-json\/wp\/v2\/posts"}],"about":[{"href":"https:\/\/www.jadeye.hu\/blog\/wp-json\/wp\/v2\/types\/post"}],"author":[{"embeddable":true,"href":"https:\/\/www.jadeye.hu\/blog\/wp-json\/wp\/v2\/users\/1"}],"replies":[{"embeddable":true,"href":"https:\/\/www.jadeye.hu\/blog\/wp-json\/wp\/v2\/comments?post=62"}],"version-history":[{"count":0,"href":"https:\/\/www.jadeye.hu\/blog\/wp-json\/wp\/v2\/posts\/62\/revisions"}],"wp:attachment":[{"href":"https:\/\/www.jadeye.hu\/blog\/wp-json\/wp\/v2\/media?parent=62"}],"wp:term":[{"taxonomy":"category","embeddable":true,"href":"https:\/\/www.jadeye.hu\/blog\/wp-json\/wp\/v2\/categories?post=62"},{"taxonomy":"post_tag","embeddable":true,"href":"https:\/\/www.jadeye.hu\/blog\/wp-json\/wp\/v2\/tags?post=62"}],"curies":[{"name":"wp","href":"https:\/\/api.w.org\/{rel}","templated":true}]}}